{"id":345,"date":"2026-03-12T16:24:01","date_gmt":"2026-03-12T16:24:01","guid":{"rendered":"https:\/\/tsv-birkenau-foerderverein.de\/?p=345"},"modified":"2026-03-12T17:43:19","modified_gmt":"2026-03-12T17:43:19","slug":"staffeluebergabe-beim-foerderverein","status":"publish","type":"post","link":"https:\/\/tsv-birkenau-foerderverein.de\/?p=345","title":{"rendered":"Staffel\u00fcbergabe beim F\u00f6rderverein"},"content":{"rendered":"\n<figure class=\"wp-block-gallery has-nested-images columns-default is-cropped wp-block-gallery-1 is-layout-flex wp-block-gallery-is-layout-flex\">\n<figure class=\"wp-block-image size-large\"><img decoding=\"async\" loading=\"lazy\" width=\"1024\" height=\"683\" data-id=\"346\" src=\"https:\/\/tsv-birkenau-foerderverein.de\/wp-content\/uploads\/2026\/03\/WhatsApp-Image-2026-03-03-at-20.16.41-1024x683.jpeg\" alt=\"\" class=\"wp-image-346\" srcset=\"https:\/\/tsv-birkenau-foerderverein.de\/wp-content\/uploads\/2026\/03\/WhatsApp-Image-2026-03-03-at-20.16.41-1024x683.jpeg 1024w, https:\/\/tsv-birkenau-foerderverein.de\/wp-content\/uploads\/2026\/03\/WhatsApp-Image-2026-03-03-at-20.16.41-300x200.jpeg 300w, https:\/\/tsv-birkenau-foerderverein.de\/wp-content\/uploads\/2026\/03\/WhatsApp-Image-2026-03-03-at-20.16.41-768x512.jpeg 768w, https:\/\/tsv-birkenau-foerderverein.de\/wp-content\/uploads\/2026\/03\/WhatsApp-Image-2026-03-03-at-20.16.41-1536x1024.jpeg 1536w, https:\/\/tsv-birkenau-foerderverein.de\/wp-content\/uploads\/2026\/03\/WhatsApp-Image-2026-03-03-at-20.16.41-2048x1365.jpeg 2048w\" sizes=\"(max-width: 767px) 89vw, (max-width: 1000px) 54vw, (max-width: 1071px) 543px, 580px\" \/><figcaption class=\"wp-element-caption\">v.L.n.R Martin Wendler, Andreas Michael, Alice Sch\u00e4fer, Roland Weber, Daniel G\u00f6tz, Eugen Berbner<br> Foto: Matthias Brock<\/figcaption><\/figure>\n<\/figure>\n\n\n\n<p>Der F\u00f6rderverein des TSV Birkenau traf sich zu seiner turnusgem\u00e4\u00dfen Mitgliederversammlung im Foyer der Langenberg-Sporthalle. Zahlreiche Mitglieder waren dabei und blickten gemeinsam auf die vergangenen Jahre der Vereinsarbeit zur\u00fcck. Aktuell z\u00e4hlt der F\u00f6rderverein 57 Mitglieder.<\/p>\n\n\n\n<p>Im Mittelpunkt des Abends stand vor allem ein Wechsel an der Spitze des Vereins. Nach vielen Jahren im Amt \u00fcbergab der bisherige Vorsitzende Roland Weber die Verantwortung an ein neues Team. Auch Kassenwartin Alice Sch\u00e4fer stellte ihr Amt nach langj\u00e4hriger T\u00e4tigkeit zur Verf\u00fcgung. Beide haben den F\u00f6rderverein \u00fcber viele Jahre gepr\u00e4gt und sich mit gro\u00dfem Engagement f\u00fcr die F\u00f6rderung des m\u00e4nnlichen Handballs in Birkenau eingesetzt.<\/p>\n\n\n\n<p>Im weiteren Verlauf der Versammlung berichtete Roland Weber \u00fcber die Entwicklung des F\u00f6rdervereins und die F\u00f6rderma\u00dfnahmen der vergangenen Jahre. Anschlie\u00dfend stellte Alice Sch\u00e4fer den Kassenbericht vor. Die Kassenpr\u00fcfer best\u00e4tigten eine einwandfreie Kassenf\u00fchrung, woraufhin Vorstand und Kassenwartin von den anwesenden Mitgliedern einstimmig entlastet wurden.<\/p>\n\n\n\n<p>Bei den anschlie\u00dfenden turnusgem\u00e4\u00dfen Neuwahlen wurde Andreas Michael, bisher 2. Vorsitzender, zum neuen 1. Vorsitzenden gew\u00e4hlt. Martin Wendler \u00fcbernimmt das Amt des 2. Vorsitzenden. Der bisherige Schriftf\u00fchrer Eugen Berbner \u00fcbernimmt k\u00fcnftig die Kasse, w\u00e4hrend Daniel G\u00f6tz Schriftf\u00fchrer wird. Als Kassenpr\u00fcfer wurden Walter Zopf und Wolfgang Glaser erneut gew\u00e4hlt.<\/p>\n\n\n\n<p>Zum Abschluss bedankte sich der neue Vorsitzende Andreas Michael ausdr\u00fccklich bei Roland Weber und Alice Sch\u00e4fer f\u00fcr ihre langj\u00e4hrige und engagierte Arbeit und betonte, dass der neue Vorstand die gute Arbeit fortsetzen und den F\u00f6rderverein in eine erfolgreiche und nachhaltige Zukunft f\u00fchren will.<\/p>\n","protected":false},"excerpt":{"rendered":"<p>Der F\u00f6rderverein des TSV Birkenau traf sich zu seiner turnusgem\u00e4\u00dfen Mitgliederversammlung im Foyer der Langenberg-Sporthalle. Zahlreiche Mitglieder waren dabei und blickten gemeinsam auf die vergangenen Jahre der Vereinsarbeit zur\u00fcck. Aktuell z\u00e4hlt der F\u00f6rderverein 57 Mitglieder. Im Mittelpunkt des Abends stand vor allem ein Wechsel an der Spitze des Vereins. Nach vielen Jahren im Amt \u00fcbergab &hellip; <\/p>\n<p class=\"link-more\"><a href=\"https:\/\/tsv-birkenau-foerderverein.de\/?p=345\" class=\"more-link\"><span class=\"screen-reader-text\">\u201eStaffel\u00fcbergabe beim F\u00f6rderverein\u201c<\/span> weiterlesen<\/a><\/p>\n","protected":false},"author":5,"featured_media":0,"comment_status":"open","ping_status":"open","sticky":false,"template":"","format":"standard","meta":{"footnotes":""},"categories":[1],"tags":[],"_links":{"self":[{"href":"https:\/\/tsv-birkenau-foerderverein.de\/index.php?rest_route=\/wp\/v2\/posts\/345"}],"collection":[{"href":"https:\/\/tsv-birkenau-foerderverein.de\/index.php?rest_route=\/wp\/v2\/posts"}],"about":[{"href":"https:\/\/tsv-birkenau-foerderverein.de\/index.php?rest_route=\/wp\/v2\/types\/post"}],"author":[{"embeddable":true,"href":"https:\/\/tsv-birkenau-foerderverein.de\/index.php?rest_route=\/wp\/v2\/users\/5"}],"replies":[{"embeddable":true,"href":"https:\/\/tsv-birkenau-foerderverein.de\/index.php?rest_route=%2Fwp%2Fv2%2Fcomments&post=345"}],"version-history":[{"count":4,"href":"https:\/\/tsv-birkenau-foerderverein.de\/index.php?rest_route=\/wp\/v2\/posts\/345\/revisions"}],"predecessor-version":[{"id":351,"href":"https:\/\/tsv-birkenau-foerderverein.de\/index.php?rest_route=\/wp\/v2\/posts\/345\/revisions\/351"}],"wp:attachment":[{"href":"https:\/\/tsv-birkenau-foerderverein.de\/index.php?rest_route=%2Fwp%2Fv2%2Fmedia&parent=345"}],"wp:term":[{"taxonomy":"category","embeddable":true,"href":"https:\/\/tsv-birkenau-foerderverein.de\/index.php?rest_route=%2Fwp%2Fv2%2Fcategories&post=345"},{"taxonomy":"post_tag","embeddable":true,"href":"https:\/\/tsv-birkenau-foerderverein.de\/index.php?rest_route=%2Fwp%2Fv2%2Ftags&post=345"}],"curies":[{"name":"wp","href":"https:\/\/api.w.org\/{rel}","templated":true}]}}